{"id":46469,"date":"2022-05-24T16:39:33","date_gmt":"2022-05-24T16:39:33","guid":{"rendered":"https:\/\/www.climatepolicyinitiative.org\/?p=46469"},"modified":"2026-04-28T08:13:40","modified_gmt":"2026-04-28T08:13:40","slug":"monitoramento-por-satelite-nao-e-gargalo-para-protecao-da-floresta-amazonica","status":"publish","type":"post","link":"https:\/\/www.climatepolicyinitiative.org\/pt-br\/monitoramento-por-satelite-nao-e-gargalo-para-protecao-da-floresta-amazonica\/","title":{"rendered":"Monitoramento Por Sat\u00e9lite N\u00e3o \u00c9 Gargalo Para Prote\u00e7\u00e3o da Floresta Amaz\u00f4nica"},"content":{"rendered":"\n<p id=\"F1\">N\u00e3o ficou claro como Elon Musk poderia ajudar a combater o desmatamento na Amaz\u00f4nia brasileira. Ela \u00e9 monitorada por um conjunto de sistemas baseados em dados de sat\u00e9lite desde 1988, quando se iniciou o Programa de Monitoramento da Floresta Amaz\u00f4nica Brasileira por Sat\u00e9lite (PRODES) do Instituto Nacional de Pesquisas Espaciais (INPE). Com o objetivo de mensura\u00e7\u00e3o, o PRODES identifica com precis\u00e3o \u00e1reas desmatadas e usa essa informa\u00e7\u00e3o para calcular taxas anuais de desmatamento na regi\u00e3o. Em 2021, a taxa estimada \u00e9 de 13.235 km\u00b2, o maior n\u00edvel desde 2006.<sup><a href=\"#N1\">[1]<\/a><\/sup><\/p>\n\n\n\n<p id=\"F2\">Se o mapeamento anual j\u00e1 \u00e9 feito com precis\u00e3o pelo INPE, seria a contribui\u00e7\u00e3o do bilion\u00e1rio tornar mais \u00e1gil o combate ao desmatamento? Tamb\u00e9m n\u00e3o. O Brasil j\u00e1 conta com o Sistema de Detec\u00e7\u00e3o de Desmatamento em Tempo Real (DETER), instrumento de apoio ao controle ambiental desde 2004. Ao detectar uma perda de cobertura florestal em tempo quase real, o DETER gera um alerta georreferenciado que delimita a \u00e1rea afetada. Os alertas s\u00e3o enviados \u00e0s autoridades ambientais brasileiras, que usam essas informa\u00e7\u00f5es para focalizar seus esfor\u00e7os de fiscaliza\u00e7\u00e3o. Essa ferramenta foi fundamental para a redu\u00e7\u00e3o do desmatamento observada a partir de 2004.<sup><a href=\"#N2\">[2]<\/a><\/sup><\/p>\n\n\n\n<p id=\"F34\">Talvez\u00a0uma nova fonte de informa\u00e7\u00e3o pudesse servir de compara\u00e7\u00e3o para os dados p\u00fablicos, aumentando a transpar\u00eancia do processo? Primeiro que, para isso, o servi\u00e7o n\u00e3o poderia ser contratado pelo pr\u00f3prio governo, devido a \u00f3bvios conflitos de interesse. Ademais, o terceiro setor j\u00e1 cumpre esse papel com diversas iniciativas. Vale destacar o Sistema de Alerta de Desmatamento (SAD)<sup><a href=\"#N3\">[3]<\/a><\/sup> do Imazon (Instituto do Homem e Meio Ambiente da Amaz\u00f4nia) e o conjunto de produtos do Projeto Mapbiomas.<sup><a href=\"#N4\">[4]<\/a><\/sup><\/p>\n\n\n\n<p>Em suma, dados gerados por sat\u00e9lite n\u00e3o s\u00e3o um gargalo para a prote\u00e7\u00e3o da Floresta Amaz\u00f4nica. O gargalo atual \u00e9 a capacidade de oferecer uma rea\u00e7\u00e3o efetiva ao que se enxerga nas fotos de sat\u00e9lite. Nesse sentido, o interesse genu\u00edno em salvaguardar a floresta amaz\u00f4nica passa necessariamente pelo fortalecimento dos \u00f3rg\u00e3os de controle ambiental.<\/p>\n\n\n\n<hr class=\"wp-block-separator\" \/>\n\n\n\n<p id=\"N1\"><a href=\"#f1\">[<\/a><a href=\"#F1\">1]<\/a> Instituto Nacional de Pesquisas Espaciais (INPE). <em>Monitoramento do Desmatamento da Floresta Amaz\u00f4nica Brasileira por Sat\u00e9lite.<\/em> <a href=\"https:\/\/bit.ly\/3wLSbn5\" target=\"_blank\" rel=\"noreferrer noopener\">bit.ly\/3wLSbn5<\/a>.<\/p>\n\n\n\n<p id=\"N2\"><a href=\"#F2\">[2]<\/a> Assun\u00e7\u00e3o, Juliano J. e Clarrisa Gandour. <em>Brazil Knows What to Do to Fight Deforestation in the Amazon: Monitoring and Law Enforcement Work and Must be Strengthened<\/em>. Rio de Janeiro:\u00a0Climate\u00a0Policy\u00a0Initiative, 2019. <a href=\"https:\/\/bit.ly\/3NvuF4t\" target=\"_blank\" rel=\"noreferrer noopener\">bit.ly\/3NvuF4t<\/a>.<\/p>\n\n\n\n<p id=\"N3\"><a href=\"#F34\">[3]<\/a> Imazon. <em>Entenda o Sistema de Alerta de Desmatamento (SAD).<\/em> 2021. <a href=\"http:\/\/bit.ly\/3wEeyuA\" target=\"_blank\" rel=\"noreferrer noopener\">bit.ly\/3wEeyuA<\/a>.<\/p>\n\n\n\n<p id=\"N4\"><a href=\"#F34\">[4]<\/a> Mapbiomas Alerta. <em>Dados sobre fiscaliza\u00e7\u00e3o mostram que impunidade ainda predomina no combate ao desmatamento<\/em>. 2022. <a href=\"https:\/\/bit.ly\/3NAuWTw\" target=\"_blank\" rel=\"noreferrer noopener\">bit.ly\/3sQHnme<\/a>.<\/p>\n","protected":false},"excerpt":{"rendered":"<p>N\u00e3o ficou claro como Elon Musk poderia ajudar a combater o desmatamento na Amaz\u00f4nia brasileira. Ela \u00e9 monitorada por um conjunto de sistemas baseados em dados de sat\u00e9lite desde 1988, quando se iniciou o Programa de Monitoramento da Floresta Amaz\u00f4nica Brasileira por Sat\u00e9lite (PRODES) do Instituto Nacional de Pesquisas Espaciais (INPE). Com o objetivo de [&hellip;]<\/p>\n","protected":false},"author":76,"featured_media":46470,"comment_status":"closed","ping_status":"open","sticky":false,"template":"","format":"standard","meta":{"_acf_changed":false,"footnotes":""},"programs":[1241],"regions":[],"topics":[1249,1300,1243,1320],"collaborations":[],"class_list":["post-46469","post","type-post","status-publish","format-standard","has-post-thumbnail","hentry","programs-brazil-policy-center","topics-conservacao-de-recursos-naturais","topics-florestas","topics-uso-da-terra","topics-uso-da-terra-e-conservacao"],"acf":[],"yoast_head":"<!-- This site is optimized with the Yoast SEO plugin v27.3 - https:\/\/yoast.com\/product\/yoast-seo-wordpress\/ -->\n<title>Monitoramento Por Sat\u00e9lite N\u00e3o \u00c9 Gargalo Para Prote\u00e7\u00e3o da Floresta Amaz\u00f4nica - CPI<\/title>\n<meta name=\"robots\" content=\"index, follow, max-snippet:-1, max-image-preview:large, max-video-preview:-1\" \/>\n<link rel=\"canonical\" href=\"https:\/\/www.climatepolicyinitiative.org\/pt-br\/monitoramento-por-satelite-nao-e-gargalo-para-protecao-da-floresta-amazonica\/\" \/>\n<meta property=\"og:locale\" content=\"pt_BR\" \/>\n<meta property=\"og:type\" content=\"article\" \/>\n<meta property=\"og:title\" content=\"Monitoramento Por Sat\u00e9lite N\u00e3o \u00c9 Gargalo Para Prote\u00e7\u00e3o da Floresta Amaz\u00f4nica - CPI\" \/>\n<meta property=\"og:description\" content=\"N\u00e3o ficou claro como Elon Musk poderia ajudar a combater o desmatamento na Amaz\u00f4nia brasileira. Ela \u00e9 monitorada por um conjunto de sistemas baseados em dados de sat\u00e9lite desde 1988, quando se iniciou o Programa de Monitoramento da Floresta Amaz\u00f4nica Brasileira por Sat\u00e9lite (PRODES) do Instituto Nacional de Pesquisas Espaciais (INPE). Com o objetivo de [&hellip;]\" \/>\n<meta property=\"og:url\" content=\"https:\/\/www.climatepolicyinitiative.org\/pt-br\/monitoramento-por-satelite-nao-e-gargalo-para-protecao-da-floresta-amazonica\/\" \/>\n<meta property=\"og:site_name\" content=\"CPI\" \/>\n<meta property=\"article:publisher\" content=\"https:\/\/www.facebook.com\/ClimatePolicyInitiative\" \/>\n<meta property=\"article:published_time\" content=\"2022-05-24T16:39:33+00:00\" \/>\n<meta property=\"article:modified_time\" content=\"2026-04-28T08:13:40+00:00\" \/>\n<meta property=\"og:image\" content=\"https:\/\/www.climatepolicyinitiative.org\/wp-content\/uploads\/2022\/05\/Depositphotos_537301010_XL-scaled.jpg\" \/>\n\t<meta property=\"og:image:width\" content=\"2560\" \/>\n\t<meta property=\"og:image:height\" content=\"1440\" \/>\n\t<meta property=\"og:image:type\" content=\"image\/jpeg\" \/>\n<meta name=\"author\" content=\"Natalie Hoover\" \/>\n<meta name=\"twitter:card\" content=\"summary_large_image\" \/>\n<meta name=\"twitter:creator\" content=\"@climatepolicy\" \/>\n<meta name=\"twitter:site\" content=\"@climatepolicy\" \/>\n<meta name=\"twitter:label1\" content=\"Escrito por\" \/>\n\t<meta name=\"twitter:data1\" content=\"Natalie Hoover\" \/>\n\t<meta name=\"twitter:label2\" content=\"Est. tempo de leitura\" \/>\n\t<meta name=\"twitter:data2\" content=\"2 minutos\" \/>\n<script type=\"application\/ld+json\" class=\"yoast-schema-graph\">{\"@context\":\"https:\\\/\\\/schema.org\",\"@graph\":[{\"@type\":\"Article\",\"@id\":\"https:\\\/\\\/www.climatepolicyinitiative.org\\\/pt-br\\\/monitoramento-por-satelite-nao-e-gargalo-para-protecao-da-floresta-amazonica\\\/#article\",\"isPartOf\":{\"@id\":\"https:\\\/\\\/www.climatepolicyinitiative.org\\\/pt-br\\\/monitoramento-por-satelite-nao-e-gargalo-para-protecao-da-floresta-amazonica\\\/\"},\"author\":{\"name\":\"Natalie Hoover\",\"@id\":\"https:\\\/\\\/www.climatepolicyinitiative.org\\\/pt-br\\\/#\\\/schema\\\/person\\\/24de41669e4b01cefabe408d3ded97d8\"},\"headline\":\"Monitoramento Por Sat\u00e9lite N\u00e3o \u00c9 Gargalo Para Prote\u00e7\u00e3o da Floresta Amaz\u00f4nica\",\"datePublished\":\"2022-05-24T16:39:33+00:00\",\"dateModified\":\"2026-04-28T08:13:40+00:00\",\"mainEntityOfPage\":{\"@id\":\"https:\\\/\\\/www.climatepolicyinitiative.org\\\/pt-br\\\/monitoramento-por-satelite-nao-e-gargalo-para-protecao-da-floresta-amazonica\\\/\"},\"wordCount\":451,\"publisher\":{\"@id\":\"https:\\\/\\\/www.climatepolicyinitiative.org\\\/pt-br\\\/#organization\"},\"image\":{\"@id\":\"https:\\\/\\\/www.climatepolicyinitiative.org\\\/pt-br\\\/monitoramento-por-satelite-nao-e-gargalo-para-protecao-da-floresta-amazonica\\\/#primaryimage\"},\"thumbnailUrl\":\"https:\\\/\\\/www.climatepolicyinitiative.org\\\/wp-content\\\/uploads\\\/2022\\\/05\\\/Depositphotos_537301010_XL-scaled.jpg\",\"inLanguage\":\"pt-BR\"},{\"@type\":\"WebPage\",\"@id\":\"https:\\\/\\\/www.climatepolicyinitiative.org\\\/pt-br\\\/monitoramento-por-satelite-nao-e-gargalo-para-protecao-da-floresta-amazonica\\\/\",\"url\":\"https:\\\/\\\/www.climatepolicyinitiative.org\\\/pt-br\\\/monitoramento-por-satelite-nao-e-gargalo-para-protecao-da-floresta-amazonica\\\/\",\"name\":\"Monitoramento Por Sat\u00e9lite N\u00e3o \u00c9 Gargalo Para Prote\u00e7\u00e3o da Floresta Amaz\u00f4nica - CPI\",\"isPartOf\":{\"@id\":\"https:\\\/\\\/www.climatepolicyinitiative.org\\\/pt-br\\\/#website\"},\"primaryImageOfPage\":{\"@id\":\"https:\\\/\\\/www.climatepolicyinitiative.org\\\/pt-br\\\/monitoramento-por-satelite-nao-e-gargalo-para-protecao-da-floresta-amazonica\\\/#primaryimage\"},\"image\":{\"@id\":\"https:\\\/\\\/www.climatepolicyinitiative.org\\\/pt-br\\\/monitoramento-por-satelite-nao-e-gargalo-para-protecao-da-floresta-amazonica\\\/#primaryimage\"},\"thumbnailUrl\":\"https:\\\/\\\/www.climatepolicyinitiative.org\\\/wp-content\\\/uploads\\\/2022\\\/05\\\/Depositphotos_537301010_XL-scaled.jpg\",\"datePublished\":\"2022-05-24T16:39:33+00:00\",\"dateModified\":\"2026-04-28T08:13:40+00:00\",\"breadcrumb\":{\"@id\":\"https:\\\/\\\/www.climatepolicyinitiative.org\\\/pt-br\\\/monitoramento-por-satelite-nao-e-gargalo-para-protecao-da-floresta-amazonica\\\/#breadcrumb\"},\"inLanguage\":\"pt-BR\",\"potentialAction\":[{\"@type\":\"ReadAction\",\"target\":[\"https:\\\/\\\/www.climatepolicyinitiative.org\\\/pt-br\\\/monitoramento-por-satelite-nao-e-gargalo-para-protecao-da-floresta-amazonica\\\/\"]}]},{\"@type\":\"ImageObject\",\"inLanguage\":\"pt-BR\",\"@id\":\"https:\\\/\\\/www.climatepolicyinitiative.org\\\/pt-br\\\/monitoramento-por-satelite-nao-e-gargalo-para-protecao-da-floresta-amazonica\\\/#primaryimage\",\"url\":\"https:\\\/\\\/www.climatepolicyinitiative.org\\\/wp-content\\\/uploads\\\/2022\\\/05\\\/Depositphotos_537301010_XL-scaled.jpg\",\"contentUrl\":\"https:\\\/\\\/www.climatepolicyinitiative.org\\\/wp-content\\\/uploads\\\/2022\\\/05\\\/Depositphotos_537301010_XL-scaled.jpg\",\"width\":2560,\"height\":1440},{\"@type\":\"BreadcrumbList\",\"@id\":\"https:\\\/\\\/www.climatepolicyinitiative.org\\\/pt-br\\\/monitoramento-por-satelite-nao-e-gargalo-para-protecao-da-floresta-amazonica\\\/#breadcrumb\",\"itemListElement\":[{\"@type\":\"ListItem\",\"position\":1,\"name\":\"Home\",\"item\":\"https:\\\/\\\/www.climatepolicyinitiative.org\\\/pt-br\\\/\"},{\"@type\":\"ListItem\",\"position\":2,\"name\":\"Monitoramento Por Sat\u00e9lite N\u00e3o \u00c9 Gargalo Para Prote\u00e7\u00e3o da Floresta Amaz\u00f4nica\"}]},{\"@type\":\"WebSite\",\"@id\":\"https:\\\/\\\/www.climatepolicyinitiative.org\\\/pt-br\\\/#website\",\"url\":\"https:\\\/\\\/www.climatepolicyinitiative.org\\\/pt-br\\\/\",\"name\":\"CPI\",\"description\":\"Climate Policy Initiative works to improve the most important energy and land use policies around the world, with a particular focus on finance.\",\"publisher\":{\"@id\":\"https:\\\/\\\/www.climatepolicyinitiative.org\\\/pt-br\\\/#organization\"},\"potentialAction\":[{\"@type\":\"SearchAction\",\"target\":{\"@type\":\"EntryPoint\",\"urlTemplate\":\"https:\\\/\\\/www.climatepolicyinitiative.org\\\/pt-br\\\/?s={search_term_string}\"},\"query-input\":{\"@type\":\"PropertyValueSpecification\",\"valueRequired\":true,\"valueName\":\"search_term_string\"}}],\"inLanguage\":\"pt-BR\"},{\"@type\":\"Organization\",\"@id\":\"https:\\\/\\\/www.climatepolicyinitiative.org\\\/pt-br\\\/#organization\",\"name\":\"Climate Policy Initiative\",\"url\":\"https:\\\/\\\/www.climatepolicyinitiative.org\\\/pt-br\\\/\",\"logo\":{\"@type\":\"ImageObject\",\"inLanguage\":\"pt-BR\",\"@id\":\"https:\\\/\\\/www.climatepolicyinitiative.org\\\/pt-br\\\/#\\\/schema\\\/logo\\\/image\\\/\",\"url\":\"https:\\\/\\\/www.climatepolicyinitiative.org\\\/wp-content\\\/uploads\\\/2021\\\/07\\\/CPI_logo_cmyk_transparent.png\",\"contentUrl\":\"https:\\\/\\\/www.climatepolicyinitiative.org\\\/wp-content\\\/uploads\\\/2021\\\/07\\\/CPI_logo_cmyk_transparent.png\",\"width\":1728,\"height\":720,\"caption\":\"Climate Policy Initiative\"},\"image\":{\"@id\":\"https:\\\/\\\/www.climatepolicyinitiative.org\\\/pt-br\\\/#\\\/schema\\\/logo\\\/image\\\/\"},\"sameAs\":[\"https:\\\/\\\/www.facebook.com\\\/ClimatePolicyInitiative\",\"https:\\\/\\\/x.com\\\/climatepolicy\",\"https:\\\/\\\/www.linkedin.com\\\/company\\\/climate-policy-initiative\\\/?lipi=urn:li:page:d_flagship3_search_srp_all;GvyQ8DliSYaW9eZhdq8RBQ==\",\"https:\\\/\\\/www.youtube.com\\\/channel\\\/UCE8V0iDgBU8mreZdBegVCcA\",\"https:\\\/\\\/en.wikipedia.org\\\/wiki\\\/Climate_Policy_Initiative\"]},{\"@type\":\"Person\",\"@id\":\"https:\\\/\\\/www.climatepolicyinitiative.org\\\/pt-br\\\/#\\\/schema\\\/person\\\/24de41669e4b01cefabe408d3ded97d8\",\"name\":\"Natalie Hoover\",\"sameAs\":[\"https:\\\/\\\/www.linkedin.com\\\/profile\\\/view?id=15071148\"],\"url\":\"https:\\\/\\\/www.climatepolicyinitiative.org\\\/pt-br\\\/author\\\/natalie-hoover\\\/\"}]}<\/script>\n<!-- \/ Yoast SEO plugin. -->","yoast_head_json":{"title":"Monitoramento Por Sat\u00e9lite N\u00e3o \u00c9 Gargalo Para Prote\u00e7\u00e3o da Floresta Amaz\u00f4nica - CPI","robots":{"index":"index","follow":"follow","max-snippet":"max-snippet:-1","max-image-preview":"max-image-preview:large","max-video-preview":"max-video-preview:-1"},"canonical":"https:\/\/www.climatepolicyinitiative.org\/pt-br\/monitoramento-por-satelite-nao-e-gargalo-para-protecao-da-floresta-amazonica\/","og_locale":"pt_BR","og_type":"article","og_title":"Monitoramento Por Sat\u00e9lite N\u00e3o \u00c9 Gargalo Para Prote\u00e7\u00e3o da Floresta Amaz\u00f4nica - CPI","og_description":"N\u00e3o ficou claro como Elon Musk poderia ajudar a combater o desmatamento na Amaz\u00f4nia brasileira. Ela \u00e9 monitorada por um conjunto de sistemas baseados em dados de sat\u00e9lite desde 1988, quando se iniciou o Programa de Monitoramento da Floresta Amaz\u00f4nica Brasileira por Sat\u00e9lite (PRODES) do Instituto Nacional de Pesquisas Espaciais (INPE). Com o objetivo de [&hellip;]","og_url":"https:\/\/www.climatepolicyinitiative.org\/pt-br\/monitoramento-por-satelite-nao-e-gargalo-para-protecao-da-floresta-amazonica\/","og_site_name":"CPI","article_publisher":"https:\/\/www.facebook.com\/ClimatePolicyInitiative","article_published_time":"2022-05-24T16:39:33+00:00","article_modified_time":"2026-04-28T08:13:40+00:00","og_image":[{"width":2560,"height":1440,"url":"https:\/\/www.climatepolicyinitiative.org\/wp-content\/uploads\/2022\/05\/Depositphotos_537301010_XL-scaled.jpg","type":"image\/jpeg"}],"author":"Natalie Hoover","twitter_card":"summary_large_image","twitter_creator":"@climatepolicy","twitter_site":"@climatepolicy","twitter_misc":{"Escrito por":"Natalie Hoover","Est. tempo de leitura":"2 minutos"},"schema":{"@context":"https:\/\/schema.org","@graph":[{"@type":"Article","@id":"https:\/\/www.climatepolicyinitiative.org\/pt-br\/monitoramento-por-satelite-nao-e-gargalo-para-protecao-da-floresta-amazonica\/#article","isPartOf":{"@id":"https:\/\/www.climatepolicyinitiative.org\/pt-br\/monitoramento-por-satelite-nao-e-gargalo-para-protecao-da-floresta-amazonica\/"},"author":{"name":"Natalie Hoover","@id":"https:\/\/www.climatepolicyinitiative.org\/pt-br\/#\/schema\/person\/24de41669e4b01cefabe408d3ded97d8"},"headline":"Monitoramento Por Sat\u00e9lite N\u00e3o \u00c9 Gargalo Para Prote\u00e7\u00e3o da Floresta Amaz\u00f4nica","datePublished":"2022-05-24T16:39:33+00:00","dateModified":"2026-04-28T08:13:40+00:00","mainEntityOfPage":{"@id":"https:\/\/www.climatepolicyinitiative.org\/pt-br\/monitoramento-por-satelite-nao-e-gargalo-para-protecao-da-floresta-amazonica\/"},"wordCount":451,"publisher":{"@id":"https:\/\/www.climatepolicyinitiative.org\/pt-br\/#organization"},"image":{"@id":"https:\/\/www.climatepolicyinitiative.org\/pt-br\/monitoramento-por-satelite-nao-e-gargalo-para-protecao-da-floresta-amazonica\/#primaryimage"},"thumbnailUrl":"https:\/\/www.climatepolicyinitiative.org\/wp-content\/uploads\/2022\/05\/Depositphotos_537301010_XL-scaled.jpg","inLanguage":"pt-BR"},{"@type":"WebPage","@id":"https:\/\/www.climatepolicyinitiative.org\/pt-br\/monitoramento-por-satelite-nao-e-gargalo-para-protecao-da-floresta-amazonica\/","url":"https:\/\/www.climatepolicyinitiative.org\/pt-br\/monitoramento-por-satelite-nao-e-gargalo-para-protecao-da-floresta-amazonica\/","name":"Monitoramento Por Sat\u00e9lite N\u00e3o \u00c9 Gargalo Para Prote\u00e7\u00e3o da Floresta Amaz\u00f4nica - CPI","isPartOf":{"@id":"https:\/\/www.climatepolicyinitiative.org\/pt-br\/#website"},"primaryImageOfPage":{"@id":"https:\/\/www.climatepolicyinitiative.org\/pt-br\/monitoramento-por-satelite-nao-e-gargalo-para-protecao-da-floresta-amazonica\/#primaryimage"},"image":{"@id":"https:\/\/www.climatepolicyinitiative.org\/pt-br\/monitoramento-por-satelite-nao-e-gargalo-para-protecao-da-floresta-amazonica\/#primaryimage"},"thumbnailUrl":"https:\/\/www.climatepolicyinitiative.org\/wp-content\/uploads\/2022\/05\/Depositphotos_537301010_XL-scaled.jpg","datePublished":"2022-05-24T16:39:33+00:00","dateModified":"2026-04-28T08:13:40+00:00","breadcrumb":{"@id":"https:\/\/www.climatepolicyinitiative.org\/pt-br\/monitoramento-por-satelite-nao-e-gargalo-para-protecao-da-floresta-amazonica\/#breadcrumb"},"inLanguage":"pt-BR","potentialAction":[{"@type":"ReadAction","target":["https:\/\/www.climatepolicyinitiative.org\/pt-br\/monitoramento-por-satelite-nao-e-gargalo-para-protecao-da-floresta-amazonica\/"]}]},{"@type":"ImageObject","inLanguage":"pt-BR","@id":"https:\/\/www.climatepolicyinitiative.org\/pt-br\/monitoramento-por-satelite-nao-e-gargalo-para-protecao-da-floresta-amazonica\/#primaryimage","url":"https:\/\/www.climatepolicyinitiative.org\/wp-content\/uploads\/2022\/05\/Depositphotos_537301010_XL-scaled.jpg","contentUrl":"https:\/\/www.climatepolicyinitiative.org\/wp-content\/uploads\/2022\/05\/Depositphotos_537301010_XL-scaled.jpg","width":2560,"height":1440},{"@type":"BreadcrumbList","@id":"https:\/\/www.climatepolicyinitiative.org\/pt-br\/monitoramento-por-satelite-nao-e-gargalo-para-protecao-da-floresta-amazonica\/#breadcrumb","itemListElement":[{"@type":"ListItem","position":1,"name":"Home","item":"https:\/\/www.climatepolicyinitiative.org\/pt-br\/"},{"@type":"ListItem","position":2,"name":"Monitoramento Por Sat\u00e9lite N\u00e3o \u00c9 Gargalo Para Prote\u00e7\u00e3o da Floresta Amaz\u00f4nica"}]},{"@type":"WebSite","@id":"https:\/\/www.climatepolicyinitiative.org\/pt-br\/#website","url":"https:\/\/www.climatepolicyinitiative.org\/pt-br\/","name":"CPI","description":"Climate Policy Initiative works to improve the most important energy and land use policies around the world, with a particular focus on finance.","publisher":{"@id":"https:\/\/www.climatepolicyinitiative.org\/pt-br\/#organization"},"potentialAction":[{"@type":"SearchAction","target":{"@type":"EntryPoint","urlTemplate":"https:\/\/www.climatepolicyinitiative.org\/pt-br\/?s={search_term_string}"},"query-input":{"@type":"PropertyValueSpecification","valueRequired":true,"valueName":"search_term_string"}}],"inLanguage":"pt-BR"},{"@type":"Organization","@id":"https:\/\/www.climatepolicyinitiative.org\/pt-br\/#organization","name":"Climate Policy Initiative","url":"https:\/\/www.climatepolicyinitiative.org\/pt-br\/","logo":{"@type":"ImageObject","inLanguage":"pt-BR","@id":"https:\/\/www.climatepolicyinitiative.org\/pt-br\/#\/schema\/logo\/image\/","url":"https:\/\/www.climatepolicyinitiative.org\/wp-content\/uploads\/2021\/07\/CPI_logo_cmyk_transparent.png","contentUrl":"https:\/\/www.climatepolicyinitiative.org\/wp-content\/uploads\/2021\/07\/CPI_logo_cmyk_transparent.png","width":1728,"height":720,"caption":"Climate Policy Initiative"},"image":{"@id":"https:\/\/www.climatepolicyinitiative.org\/pt-br\/#\/schema\/logo\/image\/"},"sameAs":["https:\/\/www.facebook.com\/ClimatePolicyInitiative","https:\/\/x.com\/climatepolicy","https:\/\/www.linkedin.com\/company\/climate-policy-initiative\/?lipi=urn:li:page:d_flagship3_search_srp_all;GvyQ8DliSYaW9eZhdq8RBQ==","https:\/\/www.youtube.com\/channel\/UCE8V0iDgBU8mreZdBegVCcA","https:\/\/en.wikipedia.org\/wiki\/Climate_Policy_Initiative"]},{"@type":"Person","@id":"https:\/\/www.climatepolicyinitiative.org\/pt-br\/#\/schema\/person\/24de41669e4b01cefabe408d3ded97d8","name":"Natalie Hoover","sameAs":["https:\/\/www.linkedin.com\/profile\/view?id=15071148"],"url":"https:\/\/www.climatepolicyinitiative.org\/pt-br\/author\/natalie-hoover\/"}]}},"_links":{"self":[{"href":"https:\/\/www.climatepolicyinitiative.org\/pt-br\/wp-json\/wp\/v2\/posts\/46469","targetHints":{"allow":["GET"]}}],"collection":[{"href":"https:\/\/www.climatepolicyinitiative.org\/pt-br\/wp-json\/wp\/v2\/posts"}],"about":[{"href":"https:\/\/www.climatepolicyinitiative.org\/pt-br\/wp-json\/wp\/v2\/types\/post"}],"author":[{"embeddable":true,"href":"https:\/\/www.climatepolicyinitiative.org\/pt-br\/wp-json\/wp\/v2\/users\/76"}],"replies":[{"embeddable":true,"href":"https:\/\/www.climatepolicyinitiative.org\/pt-br\/wp-json\/wp\/v2\/comments?post=46469"}],"version-history":[{"count":0,"href":"https:\/\/www.climatepolicyinitiative.org\/pt-br\/wp-json\/wp\/v2\/posts\/46469\/revisions"}],"wp:featuredmedia":[{"embeddable":true,"href":"https:\/\/www.climatepolicyinitiative.org\/pt-br\/wp-json\/wp\/v2\/media\/46470"}],"wp:attachment":[{"href":"https:\/\/www.climatepolicyinitiative.org\/pt-br\/wp-json\/wp\/v2\/media?parent=46469"}],"wp:term":[{"taxonomy":"programs","embeddable":true,"href":"https:\/\/www.climatepolicyinitiative.org\/pt-br\/wp-json\/wp\/v2\/programs?post=46469"},{"taxonomy":"regions","embeddable":true,"href":"https:\/\/www.climatepolicyinitiative.org\/pt-br\/wp-json\/wp\/v2\/regions?post=46469"},{"taxonomy":"topics","embeddable":true,"href":"https:\/\/www.climatepolicyinitiative.org\/pt-br\/wp-json\/wp\/v2\/topics?post=46469"},{"taxonomy":"collaborations","embeddable":true,"href":"https:\/\/www.climatepolicyinitiative.org\/pt-br\/wp-json\/wp\/v2\/collaborations?post=46469"}],"curies":[{"name":"wp","href":"https:\/\/api.w.org\/{rel}","templated":true}]}}