{"id":46282,"date":"2022-05-16T13:08:09","date_gmt":"2022-05-16T13:08:09","guid":{"rendered":"https:\/\/www.climatepolicyinitiative.org\/?p=46282"},"modified":"2026-04-25T19:55:11","modified_gmt":"2026-04-25T19:55:11","slug":"qual-e-a-relacao-entre-a-crise-hidrica-e-o-codigo-florestal","status":"publish","type":"post","link":"https:\/\/www.climatepolicyinitiative.org\/pt-br\/qual-e-a-relacao-entre-a-crise-hidrica-e-o-codigo-florestal\/","title":{"rendered":"Qual \u00c9 a Rela\u00e7\u00e3o Entre a Crise H\u00eddrica e o C\u00f3digo Florestal?"},"content":{"rendered":"\n<p>Embora de natureza ambiental, as mudan\u00e7as clim\u00e1ticas possuem impactos adversos em todas as esferas da vida e constituem cada vez mais um problema crucial. A \u00e1gua, em especial, \u00e9 uma das principais representa\u00e7\u00f5es dos efeitos das mudan\u00e7as do clima devido \u00e0s altera\u00e7\u00f5es nos padr\u00f5es de precipita\u00e7\u00e3o e no escoamento dos rios. As mudan\u00e7as clim\u00e1ticas afetam o regime de chuvas e podem intensificar a ocorr\u00eancia de eventos hidrol\u00f3gicos extremos, tais como inunda\u00e7\u00f5es ou longos per\u00edodos de seca, que afetam a oferta de \u00e1gua e, consequentemente, amea\u00e7am o suprimento de recursos h\u00eddricos.<\/p>\n\n\n\n<p>Dessa forma, condi\u00e7\u00f5es clim\u00e1ticas adversas devido \u00e0s mudan\u00e7as do clima geram altera\u00e7\u00f5es na disponibilidade e na qualidade dos recursos h\u00eddricos, comprometendo, consequentemente, o fornecimento de energia. Isso porque a escassez de chuva faz com que os reservat\u00f3rios das usinas hidrel\u00e9tricas apresentem n\u00edveis de armazenamento extremamente baixos. Quando os reservat\u00f3rios se encontram vazios, \u00e9 reduzida a capacidade de gera\u00e7\u00e3o de energia el\u00e9trica, o que promove uma dificuldade no atendimento da demanda por eletricidade. Esta quest\u00e3o se torna cr\u00edtica ao passo que, no Brasil, a fonte h\u00eddrica \u00e9 a principal fonte de energia el\u00e9trica.<\/p>\n\n\n\n<p>Uma forma eficaz de manter a preserva\u00e7\u00e3o e conserva\u00e7\u00e3o dos recursos h\u00eddricos \u00e9 atrav\u00e9s das \u00c1reas de Preserva\u00e7\u00e3o Permanente (APPs), estabelecidas pela Lei de Prote\u00e7\u00e3o da Vegeta\u00e7\u00e3o Nativa (Lei n\u00ba 12.651\/2012), ou, simplesmente, C\u00f3digo Florestal. Segundo a lei, APPs s\u00e3o definidas como \u00e1reas protegidas, cobertas ou n\u00e3o por vegeta\u00e7\u00e3o nativa, com a fun\u00e7\u00e3o ambiental de preservar os recursos h\u00eddricos, a paisagem, a estabilidade geol\u00f3gica e a biodiversidade. Dessa forma, o C\u00f3digo Florestal reafirma o compromisso do Brasil com a preserva\u00e7\u00e3o dos recursos h\u00eddricos, visto que as APPs s\u00e3o um instrumento essencial \u00e0 pol\u00edtica de preserva\u00e7\u00e3o ambiental, al\u00e9m de contribu\u00edrem para combater os efeitos de condi\u00e7\u00f5es clim\u00e1ticas adversas que comprometem o fornecimento de energia no pa\u00eds.<\/p>\n","protected":false},"excerpt":{"rendered":"<p>Embora de natureza ambiental, as mudan\u00e7as clim\u00e1ticas possuem impactos adversos em todas as esferas da vida e constituem cada vez mais um problema crucial. Uma forma eficaz de manter a preserva\u00e7\u00e3o e conserva\u00e7\u00e3o dos recursos h\u00eddricos \u00e9 atrav\u00e9s das \u00c1reas de Preserva\u00e7\u00e3o Permanente (APPs), estabelecidas pela Lei de Prote\u00e7\u00e3o da Vegeta\u00e7\u00e3o Nativa (Lei n\u00ba 12.651\/2012), ou, simplesmente, C\u00f3digo Florestal.<\/p>\n","protected":false},"author":76,"featured_media":46299,"comment_status":"closed","ping_status":"open","sticky":false,"template":"","format":"standard","meta":{"_acf_changed":false,"footnotes":""},"programs":[1241],"regions":[1377],"topics":[1246,1249,1286],"collaborations":[],"class_list":["post-46282","post","type-post","status-publish","format-standard","has-post-thumbnail","hentry","programs-brazil-policy-center","regions-brasil","topics-codigo-florestal","topics-conservacao-de-recursos-naturais","topics-energia-e-infraestrutura"],"acf":[],"yoast_head":"<!-- This site is optimized with the Yoast SEO plugin v27.3 - https:\/\/yoast.com\/product\/yoast-seo-wordpress\/ -->\n<title>Qual \u00c9 a Rela\u00e7\u00e3o Entre a Crise H\u00eddrica e o C\u00f3digo Florestal? - CPI<\/title>\n<meta name=\"robots\" content=\"index, follow, max-snippet:-1, max-image-preview:large, max-video-preview:-1\" \/>\n<link rel=\"canonical\" href=\"https:\/\/www.climatepolicyinitiative.org\/pt-br\/qual-e-a-relacao-entre-a-crise-hidrica-e-o-codigo-florestal\/\" \/>\n<meta property=\"og:locale\" content=\"pt_BR\" \/>\n<meta property=\"og:type\" content=\"article\" \/>\n<meta property=\"og:title\" content=\"Qual \u00c9 a Rela\u00e7\u00e3o Entre a Crise H\u00eddrica e o C\u00f3digo Florestal? - CPI\" \/>\n<meta property=\"og:description\" content=\"Embora de natureza ambiental, as mudan\u00e7as clim\u00e1ticas possuem impactos adversos em todas as esferas da vida e constituem cada vez mais um problema crucial. Uma forma eficaz de manter a preserva\u00e7\u00e3o e conserva\u00e7\u00e3o dos recursos h\u00eddricos \u00e9 atrav\u00e9s das \u00c1reas de Preserva\u00e7\u00e3o Permanente (APPs), estabelecidas pela Lei de Prote\u00e7\u00e3o da Vegeta\u00e7\u00e3o Nativa (Lei n\u00ba 12.651\/2012), ou, simplesmente, C\u00f3digo Florestal.\" \/>\n<meta property=\"og:url\" content=\"https:\/\/www.climatepolicyinitiative.org\/pt-br\/qual-e-a-relacao-entre-a-crise-hidrica-e-o-codigo-florestal\/\" \/>\n<meta property=\"og:site_name\" content=\"CPI\" \/>\n<meta property=\"article:publisher\" content=\"https:\/\/www.facebook.com\/ClimatePolicyInitiative\" \/>\n<meta property=\"article:published_time\" content=\"2022-05-16T13:08:09+00:00\" \/>\n<meta property=\"article:modified_time\" content=\"2026-04-25T19:55:11+00:00\" \/>\n<meta property=\"og:image\" content=\"https:\/\/www.climatepolicyinitiative.org\/wp-content\/uploads\/2022\/05\/Depositphotos_328339744_XLsite.png\" \/>\n\t<meta property=\"og:image:width\" content=\"2273\" \/>\n\t<meta property=\"og:image:height\" content=\"1506\" \/>\n\t<meta property=\"og:image:type\" content=\"image\/png\" \/>\n<meta name=\"author\" content=\"Natalie Hoover\" \/>\n<meta name=\"twitter:card\" content=\"summary_large_image\" \/>\n<meta name=\"twitter:creator\" content=\"@climatepolicy\" \/>\n<meta name=\"twitter:site\" content=\"@climatepolicy\" \/>\n<meta name=\"twitter:label1\" content=\"Escrito por\" \/>\n\t<meta name=\"twitter:data1\" content=\"Natalie Hoover\" \/>\n\t<meta name=\"twitter:label2\" content=\"Est. tempo de leitura\" \/>\n\t<meta name=\"twitter:data2\" content=\"2 minutos\" \/>\n<script type=\"application\/ld+json\" class=\"yoast-schema-graph\">{\"@context\":\"https:\\\/\\\/schema.org\",\"@graph\":[{\"@type\":\"Article\",\"@id\":\"https:\\\/\\\/www.climatepolicyinitiative.org\\\/pt-br\\\/qual-e-a-relacao-entre-a-crise-hidrica-e-o-codigo-florestal\\\/#article\",\"isPartOf\":{\"@id\":\"https:\\\/\\\/www.climatepolicyinitiative.org\\\/pt-br\\\/qual-e-a-relacao-entre-a-crise-hidrica-e-o-codigo-florestal\\\/\"},\"author\":{\"name\":\"Natalie Hoover\",\"@id\":\"https:\\\/\\\/www.climatepolicyinitiative.org\\\/pt-br\\\/#\\\/schema\\\/person\\\/24de41669e4b01cefabe408d3ded97d8\"},\"headline\":\"Qual \u00c9 a Rela\u00e7\u00e3o Entre a Crise H\u00eddrica e o C\u00f3digo Florestal?\",\"datePublished\":\"2022-05-16T13:08:09+00:00\",\"dateModified\":\"2026-04-25T19:55:11+00:00\",\"mainEntityOfPage\":{\"@id\":\"https:\\\/\\\/www.climatepolicyinitiative.org\\\/pt-br\\\/qual-e-a-relacao-entre-a-crise-hidrica-e-o-codigo-florestal\\\/\"},\"wordCount\":360,\"publisher\":{\"@id\":\"https:\\\/\\\/www.climatepolicyinitiative.org\\\/pt-br\\\/#organization\"},\"image\":{\"@id\":\"https:\\\/\\\/www.climatepolicyinitiative.org\\\/pt-br\\\/qual-e-a-relacao-entre-a-crise-hidrica-e-o-codigo-florestal\\\/#primaryimage\"},\"thumbnailUrl\":\"https:\\\/\\\/www.climatepolicyinitiative.org\\\/wp-content\\\/uploads\\\/2022\\\/05\\\/Depositphotos_328339744_XLsite.png\",\"inLanguage\":\"pt-BR\"},{\"@type\":\"WebPage\",\"@id\":\"https:\\\/\\\/www.climatepolicyinitiative.org\\\/pt-br\\\/qual-e-a-relacao-entre-a-crise-hidrica-e-o-codigo-florestal\\\/\",\"url\":\"https:\\\/\\\/www.climatepolicyinitiative.org\\\/pt-br\\\/qual-e-a-relacao-entre-a-crise-hidrica-e-o-codigo-florestal\\\/\",\"name\":\"Qual \u00c9 a Rela\u00e7\u00e3o Entre a Crise H\u00eddrica e o C\u00f3digo Florestal? - CPI\",\"isPartOf\":{\"@id\":\"https:\\\/\\\/www.climatepolicyinitiative.org\\\/pt-br\\\/#website\"},\"primaryImageOfPage\":{\"@id\":\"https:\\\/\\\/www.climatepolicyinitiative.org\\\/pt-br\\\/qual-e-a-relacao-entre-a-crise-hidrica-e-o-codigo-florestal\\\/#primaryimage\"},\"image\":{\"@id\":\"https:\\\/\\\/www.climatepolicyinitiative.org\\\/pt-br\\\/qual-e-a-relacao-entre-a-crise-hidrica-e-o-codigo-florestal\\\/#primaryimage\"},\"thumbnailUrl\":\"https:\\\/\\\/www.climatepolicyinitiative.org\\\/wp-content\\\/uploads\\\/2022\\\/05\\\/Depositphotos_328339744_XLsite.png\",\"datePublished\":\"2022-05-16T13:08:09+00:00\",\"dateModified\":\"2026-04-25T19:55:11+00:00\",\"breadcrumb\":{\"@id\":\"https:\\\/\\\/www.climatepolicyinitiative.org\\\/pt-br\\\/qual-e-a-relacao-entre-a-crise-hidrica-e-o-codigo-florestal\\\/#breadcrumb\"},\"inLanguage\":\"pt-BR\",\"potentialAction\":[{\"@type\":\"ReadAction\",\"target\":[\"https:\\\/\\\/www.climatepolicyinitiative.org\\\/pt-br\\\/qual-e-a-relacao-entre-a-crise-hidrica-e-o-codigo-florestal\\\/\"]}]},{\"@type\":\"ImageObject\",\"inLanguage\":\"pt-BR\",\"@id\":\"https:\\\/\\\/www.climatepolicyinitiative.org\\\/pt-br\\\/qual-e-a-relacao-entre-a-crise-hidrica-e-o-codigo-florestal\\\/#primaryimage\",\"url\":\"https:\\\/\\\/www.climatepolicyinitiative.org\\\/wp-content\\\/uploads\\\/2022\\\/05\\\/Depositphotos_328339744_XLsite.png\",\"contentUrl\":\"https:\\\/\\\/www.climatepolicyinitiative.org\\\/wp-content\\\/uploads\\\/2022\\\/05\\\/Depositphotos_328339744_XLsite.png\",\"width\":2273,\"height\":1506},{\"@type\":\"BreadcrumbList\",\"@id\":\"https:\\\/\\\/www.climatepolicyinitiative.org\\\/pt-br\\\/qual-e-a-relacao-entre-a-crise-hidrica-e-o-codigo-florestal\\\/#breadcrumb\",\"itemListElement\":[{\"@type\":\"ListItem\",\"position\":1,\"name\":\"Home\",\"item\":\"https:\\\/\\\/www.climatepolicyinitiative.org\\\/pt-br\\\/\"},{\"@type\":\"ListItem\",\"position\":2,\"name\":\"Qual \u00c9 a Rela\u00e7\u00e3o Entre a Crise H\u00eddrica e o C\u00f3digo Florestal?\"}]},{\"@type\":\"WebSite\",\"@id\":\"https:\\\/\\\/www.climatepolicyinitiative.org\\\/pt-br\\\/#website\",\"url\":\"https:\\\/\\\/www.climatepolicyinitiative.org\\\/pt-br\\\/\",\"name\":\"CPI\",\"description\":\"Climate Policy Initiative works to improve the most important energy and land use policies around the world, with a particular focus on finance.\",\"publisher\":{\"@id\":\"https:\\\/\\\/www.climatepolicyinitiative.org\\\/pt-br\\\/#organization\"},\"potentialAction\":[{\"@type\":\"SearchAction\",\"target\":{\"@type\":\"EntryPoint\",\"urlTemplate\":\"https:\\\/\\\/www.climatepolicyinitiative.org\\\/pt-br\\\/?s={search_term_string}\"},\"query-input\":{\"@type\":\"PropertyValueSpecification\",\"valueRequired\":true,\"valueName\":\"search_term_string\"}}],\"inLanguage\":\"pt-BR\"},{\"@type\":\"Organization\",\"@id\":\"https:\\\/\\\/www.climatepolicyinitiative.org\\\/pt-br\\\/#organization\",\"name\":\"Climate Policy Initiative\",\"url\":\"https:\\\/\\\/www.climatepolicyinitiative.org\\\/pt-br\\\/\",\"logo\":{\"@type\":\"ImageObject\",\"inLanguage\":\"pt-BR\",\"@id\":\"https:\\\/\\\/www.climatepolicyinitiative.org\\\/pt-br\\\/#\\\/schema\\\/logo\\\/image\\\/\",\"url\":\"https:\\\/\\\/www.climatepolicyinitiative.org\\\/wp-content\\\/uploads\\\/2021\\\/07\\\/CPI_logo_cmyk_transparent.png\",\"contentUrl\":\"https:\\\/\\\/www.climatepolicyinitiative.org\\\/wp-content\\\/uploads\\\/2021\\\/07\\\/CPI_logo_cmyk_transparent.png\",\"width\":1728,\"height\":720,\"caption\":\"Climate Policy Initiative\"},\"image\":{\"@id\":\"https:\\\/\\\/www.climatepolicyinitiative.org\\\/pt-br\\\/#\\\/schema\\\/logo\\\/image\\\/\"},\"sameAs\":[\"https:\\\/\\\/www.facebook.com\\\/ClimatePolicyInitiative\",\"https:\\\/\\\/x.com\\\/climatepolicy\",\"https:\\\/\\\/www.linkedin.com\\\/company\\\/climate-policy-initiative\\\/?lipi=urn:li:page:d_flagship3_search_srp_all;GvyQ8DliSYaW9eZhdq8RBQ==\",\"https:\\\/\\\/www.youtube.com\\\/channel\\\/UCE8V0iDgBU8mreZdBegVCcA\",\"https:\\\/\\\/en.wikipedia.org\\\/wiki\\\/Climate_Policy_Initiative\"]},{\"@type\":\"Person\",\"@id\":\"https:\\\/\\\/www.climatepolicyinitiative.org\\\/pt-br\\\/#\\\/schema\\\/person\\\/24de41669e4b01cefabe408d3ded97d8\",\"name\":\"Natalie Hoover\",\"sameAs\":[\"https:\\\/\\\/www.linkedin.com\\\/profile\\\/view?id=15071148\"],\"url\":\"https:\\\/\\\/www.climatepolicyinitiative.org\\\/pt-br\\\/author\\\/natalie-hoover\\\/\"}]}<\/script>\n<!-- \/ Yoast SEO plugin. -->","yoast_head_json":{"title":"Qual \u00c9 a Rela\u00e7\u00e3o Entre a Crise H\u00eddrica e o C\u00f3digo Florestal? - CPI","robots":{"index":"index","follow":"follow","max-snippet":"max-snippet:-1","max-image-preview":"max-image-preview:large","max-video-preview":"max-video-preview:-1"},"canonical":"https:\/\/www.climatepolicyinitiative.org\/pt-br\/qual-e-a-relacao-entre-a-crise-hidrica-e-o-codigo-florestal\/","og_locale":"pt_BR","og_type":"article","og_title":"Qual \u00c9 a Rela\u00e7\u00e3o Entre a Crise H\u00eddrica e o C\u00f3digo Florestal? - CPI","og_description":"Embora de natureza ambiental, as mudan\u00e7as clim\u00e1ticas possuem impactos adversos em todas as esferas da vida e constituem cada vez mais um problema crucial. Uma forma eficaz de manter a preserva\u00e7\u00e3o e conserva\u00e7\u00e3o dos recursos h\u00eddricos \u00e9 atrav\u00e9s das \u00c1reas de Preserva\u00e7\u00e3o Permanente (APPs), estabelecidas pela Lei de Prote\u00e7\u00e3o da Vegeta\u00e7\u00e3o Nativa (Lei n\u00ba 12.651\/2012), ou, simplesmente, C\u00f3digo Florestal.","og_url":"https:\/\/www.climatepolicyinitiative.org\/pt-br\/qual-e-a-relacao-entre-a-crise-hidrica-e-o-codigo-florestal\/","og_site_name":"CPI","article_publisher":"https:\/\/www.facebook.com\/ClimatePolicyInitiative","article_published_time":"2022-05-16T13:08:09+00:00","article_modified_time":"2026-04-25T19:55:11+00:00","og_image":[{"width":2273,"height":1506,"url":"https:\/\/www.climatepolicyinitiative.org\/wp-content\/uploads\/2022\/05\/Depositphotos_328339744_XLsite.png","type":"image\/png"}],"author":"Natalie Hoover","twitter_card":"summary_large_image","twitter_creator":"@climatepolicy","twitter_site":"@climatepolicy","twitter_misc":{"Escrito por":"Natalie Hoover","Est. tempo de leitura":"2 minutos"},"schema":{"@context":"https:\/\/schema.org","@graph":[{"@type":"Article","@id":"https:\/\/www.climatepolicyinitiative.org\/pt-br\/qual-e-a-relacao-entre-a-crise-hidrica-e-o-codigo-florestal\/#article","isPartOf":{"@id":"https:\/\/www.climatepolicyinitiative.org\/pt-br\/qual-e-a-relacao-entre-a-crise-hidrica-e-o-codigo-florestal\/"},"author":{"name":"Natalie Hoover","@id":"https:\/\/www.climatepolicyinitiative.org\/pt-br\/#\/schema\/person\/24de41669e4b01cefabe408d3ded97d8"},"headline":"Qual \u00c9 a Rela\u00e7\u00e3o Entre a Crise H\u00eddrica e o C\u00f3digo Florestal?","datePublished":"2022-05-16T13:08:09+00:00","dateModified":"2026-04-25T19:55:11+00:00","mainEntityOfPage":{"@id":"https:\/\/www.climatepolicyinitiative.org\/pt-br\/qual-e-a-relacao-entre-a-crise-hidrica-e-o-codigo-florestal\/"},"wordCount":360,"publisher":{"@id":"https:\/\/www.climatepolicyinitiative.org\/pt-br\/#organization"},"image":{"@id":"https:\/\/www.climatepolicyinitiative.org\/pt-br\/qual-e-a-relacao-entre-a-crise-hidrica-e-o-codigo-florestal\/#primaryimage"},"thumbnailUrl":"https:\/\/www.climatepolicyinitiative.org\/wp-content\/uploads\/2022\/05\/Depositphotos_328339744_XLsite.png","inLanguage":"pt-BR"},{"@type":"WebPage","@id":"https:\/\/www.climatepolicyinitiative.org\/pt-br\/qual-e-a-relacao-entre-a-crise-hidrica-e-o-codigo-florestal\/","url":"https:\/\/www.climatepolicyinitiative.org\/pt-br\/qual-e-a-relacao-entre-a-crise-hidrica-e-o-codigo-florestal\/","name":"Qual \u00c9 a Rela\u00e7\u00e3o Entre a Crise H\u00eddrica e o C\u00f3digo Florestal? - CPI","isPartOf":{"@id":"https:\/\/www.climatepolicyinitiative.org\/pt-br\/#website"},"primaryImageOfPage":{"@id":"https:\/\/www.climatepolicyinitiative.org\/pt-br\/qual-e-a-relacao-entre-a-crise-hidrica-e-o-codigo-florestal\/#primaryimage"},"image":{"@id":"https:\/\/www.climatepolicyinitiative.org\/pt-br\/qual-e-a-relacao-entre-a-crise-hidrica-e-o-codigo-florestal\/#primaryimage"},"thumbnailUrl":"https:\/\/www.climatepolicyinitiative.org\/wp-content\/uploads\/2022\/05\/Depositphotos_328339744_XLsite.png","datePublished":"2022-05-16T13:08:09+00:00","dateModified":"2026-04-25T19:55:11+00:00","breadcrumb":{"@id":"https:\/\/www.climatepolicyinitiative.org\/pt-br\/qual-e-a-relacao-entre-a-crise-hidrica-e-o-codigo-florestal\/#breadcrumb"},"inLanguage":"pt-BR","potentialAction":[{"@type":"ReadAction","target":["https:\/\/www.climatepolicyinitiative.org\/pt-br\/qual-e-a-relacao-entre-a-crise-hidrica-e-o-codigo-florestal\/"]}]},{"@type":"ImageObject","inLanguage":"pt-BR","@id":"https:\/\/www.climatepolicyinitiative.org\/pt-br\/qual-e-a-relacao-entre-a-crise-hidrica-e-o-codigo-florestal\/#primaryimage","url":"https:\/\/www.climatepolicyinitiative.org\/wp-content\/uploads\/2022\/05\/Depositphotos_328339744_XLsite.png","contentUrl":"https:\/\/www.climatepolicyinitiative.org\/wp-content\/uploads\/2022\/05\/Depositphotos_328339744_XLsite.png","width":2273,"height":1506},{"@type":"BreadcrumbList","@id":"https:\/\/www.climatepolicyinitiative.org\/pt-br\/qual-e-a-relacao-entre-a-crise-hidrica-e-o-codigo-florestal\/#breadcrumb","itemListElement":[{"@type":"ListItem","position":1,"name":"Home","item":"https:\/\/www.climatepolicyinitiative.org\/pt-br\/"},{"@type":"ListItem","position":2,"name":"Qual \u00c9 a Rela\u00e7\u00e3o Entre a Crise H\u00eddrica e o C\u00f3digo Florestal?"}]},{"@type":"WebSite","@id":"https:\/\/www.climatepolicyinitiative.org\/pt-br\/#website","url":"https:\/\/www.climatepolicyinitiative.org\/pt-br\/","name":"CPI","description":"Climate Policy Initiative works to improve the most important energy and land use policies around the world, with a particular focus on finance.","publisher":{"@id":"https:\/\/www.climatepolicyinitiative.org\/pt-br\/#organization"},"potentialAction":[{"@type":"SearchAction","target":{"@type":"EntryPoint","urlTemplate":"https:\/\/www.climatepolicyinitiative.org\/pt-br\/?s={search_term_string}"},"query-input":{"@type":"PropertyValueSpecification","valueRequired":true,"valueName":"search_term_string"}}],"inLanguage":"pt-BR"},{"@type":"Organization","@id":"https:\/\/www.climatepolicyinitiative.org\/pt-br\/#organization","name":"Climate Policy Initiative","url":"https:\/\/www.climatepolicyinitiative.org\/pt-br\/","logo":{"@type":"ImageObject","inLanguage":"pt-BR","@id":"https:\/\/www.climatepolicyinitiative.org\/pt-br\/#\/schema\/logo\/image\/","url":"https:\/\/www.climatepolicyinitiative.org\/wp-content\/uploads\/2021\/07\/CPI_logo_cmyk_transparent.png","contentUrl":"https:\/\/www.climatepolicyinitiative.org\/wp-content\/uploads\/2021\/07\/CPI_logo_cmyk_transparent.png","width":1728,"height":720,"caption":"Climate Policy Initiative"},"image":{"@id":"https:\/\/www.climatepolicyinitiative.org\/pt-br\/#\/schema\/logo\/image\/"},"sameAs":["https:\/\/www.facebook.com\/ClimatePolicyInitiative","https:\/\/x.com\/climatepolicy","https:\/\/www.linkedin.com\/company\/climate-policy-initiative\/?lipi=urn:li:page:d_flagship3_search_srp_all;GvyQ8DliSYaW9eZhdq8RBQ==","https:\/\/www.youtube.com\/channel\/UCE8V0iDgBU8mreZdBegVCcA","https:\/\/en.wikipedia.org\/wiki\/Climate_Policy_Initiative"]},{"@type":"Person","@id":"https:\/\/www.climatepolicyinitiative.org\/pt-br\/#\/schema\/person\/24de41669e4b01cefabe408d3ded97d8","name":"Natalie Hoover","sameAs":["https:\/\/www.linkedin.com\/profile\/view?id=15071148"],"url":"https:\/\/www.climatepolicyinitiative.org\/pt-br\/author\/natalie-hoover\/"}]}},"_links":{"self":[{"href":"https:\/\/www.climatepolicyinitiative.org\/pt-br\/wp-json\/wp\/v2\/posts\/46282","targetHints":{"allow":["GET"]}}],"collection":[{"href":"https:\/\/www.climatepolicyinitiative.org\/pt-br\/wp-json\/wp\/v2\/posts"}],"about":[{"href":"https:\/\/www.climatepolicyinitiative.org\/pt-br\/wp-json\/wp\/v2\/types\/post"}],"author":[{"embeddable":true,"href":"https:\/\/www.climatepolicyinitiative.org\/pt-br\/wp-json\/wp\/v2\/users\/76"}],"replies":[{"embeddable":true,"href":"https:\/\/www.climatepolicyinitiative.org\/pt-br\/wp-json\/wp\/v2\/comments?post=46282"}],"version-history":[{"count":0,"href":"https:\/\/www.climatepolicyinitiative.org\/pt-br\/wp-json\/wp\/v2\/posts\/46282\/revisions"}],"wp:featuredmedia":[{"embeddable":true,"href":"https:\/\/www.climatepolicyinitiative.org\/pt-br\/wp-json\/wp\/v2\/media\/46299"}],"wp:attachment":[{"href":"https:\/\/www.climatepolicyinitiative.org\/pt-br\/wp-json\/wp\/v2\/media?parent=46282"}],"wp:term":[{"taxonomy":"programs","embeddable":true,"href":"https:\/\/www.climatepolicyinitiative.org\/pt-br\/wp-json\/wp\/v2\/programs?post=46282"},{"taxonomy":"regions","embeddable":true,"href":"https:\/\/www.climatepolicyinitiative.org\/pt-br\/wp-json\/wp\/v2\/regions?post=46282"},{"taxonomy":"topics","embeddable":true,"href":"https:\/\/www.climatepolicyinitiative.org\/pt-br\/wp-json\/wp\/v2\/topics?post=46282"},{"taxonomy":"collaborations","embeddable":true,"href":"https:\/\/www.climatepolicyinitiative.org\/pt-br\/wp-json\/wp\/v2\/collaborations?post=46282"}],"curies":[{"name":"wp","href":"https:\/\/api.w.org\/{rel}","templated":true}]}}